{"id":1130,"date":"2020-04-22T14:57:39","date_gmt":"2020-04-22T14:57:39","guid":{"rendered":"https:\/\/www.estudiarcocinaygastronomia.com\/?p=1130"},"modified":"2020-05-04T08:46:14","modified_gmt":"2020-05-04T08:46:14","slug":"ensaladas-en-la-cocina-profesional","status":"publish","type":"post","link":"https:\/\/www.estudiarcocinaygastronomia.com\/index.php\/2020\/04\/22\/ensaladas-en-la-cocina-profesional\/","title":{"rendered":"\ud83e\udd57Ensaladas en la cocina profesional."},"content":{"rendered":"\n<p>Definici\u00f3n de ensalada seg\u00fan la <strong>RAE: <em>Hortaliza&nbsp;o&nbsp;conjunto&nbsp;de&nbsp;hortalizas&nbsp;mezcladas,&nbsp;cortadas&nbsp;en&nbsp;trozos&nbsp;y aderezadas&nbsp;con&nbsp;sal,&nbsp;aceite,&nbsp;vinagre&nbsp;y&nbsp;otros&nbsp;ingredientes.<\/em><\/strong><\/p>\n\n\n\n<p>Una primera hip\u00f3tesis afirma que la palabra ensalada viene del lat\u00edn <em>herba salta <\/em>o hierba salada, denominada as\u00ed porque usualmente las hierbas comestibles se sazonaban con sal; mientras una segunda hip\u00f3tesis afirma que viene del arcaico verbo italiano <em>insalare: <\/em>agregar sal. La ensalada, aunque de origen remoto e incierto, era tradici\u00f3n muy antigua en varias provincias italianas, en las cuales acostumbraban agregar aceite de oliva, de nuez y de lino a las legumbres crudas o cocidas, como hoy d\u00eda.<\/p>\n\n\n\n<p>Tradicionalmente, la ensalada se ha elaborado con vegetales crudos o cocidos, especialmente con las hojas de hortalizas; ensaladas verdes a base de lechuga, berro, r\u00facola, repollo, endivia, escarola, lechuga romana, etc., aderezadas con una vinagreta. <\/p>\n\n\n\n<p>Con los a\u00f1os, el concepto de ensalada se ha ampliado much\u00edsimo al agregar otros vegetales distintos a los verdes, como tomate, zanahoria, patatas, remolacha, entre otros, para obtener las ensaladas mixtas; y, recientemente, se incluye casi cualquier cosa en su preparaci\u00f3n: pollo, gambas, quesos, arroz, pasta, frutos del mar, frutas, por mencionar algunos ingredientes; lo que ha dado origen a las ensaladas compuestas, muy degustadas en los restaurantes.<\/p>\n\n\n\n<p>Cuando se trata de ensaladas, inmediatamente nos vienen a la mente la lechuga y el aderezo, combinaci\u00f3n elemental para obtener la ensalada b\u00e1sica que puede llegar a ser una obra maestra del sabor, como el caso de la ensalada C\u00e9sar.<\/p>\n\n\n\n<p><strong>En cualquier \u00e9poca del a\u00f1o se pueden consumir ensaladas siempre y cuando se sepan combinar adecuadamente con los productos propios de cada estaci\u00f3n.<\/strong><\/p>\n\n\n\n<p>A pesar de que en la actualidad las t\u00e9cnicas de conservaci\u00f3n y transporte permiten adquirir alimentos propios de una temporada en cualquier \u00e9poca del a\u00f1o, es preferible optar por aquellos que sabemos que son frescos y que han pasado menos tiempo en c\u00e1maras frigor\u00edficas.<\/p>\n\n\n\n<p><strong>El verano, por ejemplo, es la mejor \u00e9poca para comer tomates con todo su sabor.<\/strong> Por el contrario, en invierno es preferible sustituir aqu\u00e9llos, que solemos considerar b\u00e1sicos en cualquier ensalada, por remolacha, col, lombarda o coles, m\u00e1s propios de la estaci\u00f3n invernal. La infinidad de mezclas y variaciones que se pueden hacer durante todo el a\u00f1o permiten evitar la monoton\u00eda en la mesa, y con un poco de imaginaci\u00f3n es posible hacer una ensalada diferente pr\u00e1cticamente cada d\u00eda del a\u00f1o.<\/p>\n\n\n\n<p>Aunque todas las ensaladas se caracterizan por ser platos m\u00e1s bien fr\u00edos preparados con una mezcla de alimentos y ali\u00f1ados al gusto, podemos distinguir varios tipos generales de ensaladas en los que clasificar la mayor\u00eda de las variaciones existentes.<\/p>\n\n\n\n<h2 class=\"wp-block-heading\"><strong>Clasificaci\u00f3n de las ensaladas, tipos:<\/strong><\/h2>\n\n\n\n<figure class=\"wp-block-image size-large\"><img loading=\"lazy\" decoding=\"async\" width=\"580\" height=\"533\" src=\"https:\/\/www.estudiarcocinaygastronomia.com\/wp-content\/uploads\/2020\/04\/image-13.png\" alt=\"\" class=\"wp-image-1131\" srcset=\"https:\/\/www.estudiarcocinaygastronomia.com\/wp-content\/uploads\/2020\/04\/image-13.png 580w, https:\/\/www.estudiarcocinaygastronomia.com\/wp-content\/uploads\/2020\/04\/image-13-300x276.png 300w\" sizes=\"auto, (max-width: 580px) 100vw, 580px\" \/><figcaption>Esquema de la clasificaci\u00f3n de las ensaladas.<\/figcaption><\/figure>\n\n\n\n<figure class=\"wp-block-image size-large\"><img loading=\"lazy\" decoding=\"async\" width=\"567\" height=\"457\" src=\"https:\/\/www.estudiarcocinaygastronomia.com\/wp-content\/uploads\/2020\/04\/image-14.png\" alt=\"\" class=\"wp-image-1132\" srcset=\"https:\/\/www.estudiarcocinaygastronomia.com\/wp-content\/uploads\/2020\/04\/image-14.png 567w, https:\/\/www.estudiarcocinaygastronomia.com\/wp-content\/uploads\/2020\/04\/image-14-300x242.png 300w\" sizes=\"auto, (max-width: 567px) 100vw, 567px\" \/><figcaption>Esquema de clasificaci\u00f3n de ensaladas.<\/figcaption><\/figure>\n\n\n\n<p><strong>ENSALADAS SIMPLES<\/strong>: Son las m\u00e1s sencillas de preparar. Est\u00e1n compuestas \u00fanicamente por dos o tres alimentos, que suelen ser hortalizas crudas. Aqu\u00ed incluir\u00edamos, por ejemplo, la tradicional ensalada de lechuga, tomate y cebolla.<\/p>\n\n\n\n<p><strong>ENSALADAS MIXTAS:<\/strong> Son ensaladas m\u00e1s elaboradas en las que se utiliza un mayor n\u00famero de ingredientes, en ocasiones una mezcla de alimentos de origen vegetal con otros de procedencia animal. En ellas las hortalizas o verduras pueden estar acompa\u00f1adas de alimentos pertenecientes a otros grupos alimenticios como por ejemplo huevos, aves, marisco, etc.<\/p>\n\n\n\n<p><strong>ENSALADAS TEMPLADAS<\/strong>: son aquellas ensaladas frescas a las cuales se les a\u00f1ade un producto o vinagreta caliente lo que nos da como resultado una temperatura templada.<\/p>\n\n\n\n<p><strong>ENSALADILLAS: <\/strong>La caracter\u00edstica principal de las ensaladillas es la incorporaci\u00f3n de un alimento rico en hidratos de carbono como por ejemplo el arroz, las patatas, las legumbres o la pasta. Para aderezar este tipo de ensaladas suele optarse por alguna salsa que emulsiona todos los ingredientes.<\/p>\n\n\n\n<p><strong>MOJES:<\/strong> son aquellas elaboradas a base de hortalizas que no son de hoja, existen dos tipos, los mojes que se suelen hacer con una base de tomate maduro pelado, despepitado y ali\u00f1ado, acompa\u00f1ado de verdura picada, encurtidos, huevo duro y alg\u00fan producto marino en conserva o salaz\u00f3n, como el at\u00fan o las anchoas. Se come mojando pan en ellas a modo de cubierto, de ah\u00ed el nombre.<\/p>\n\n\n\n<p><strong>ASADAS<\/strong>: Por otro lado las ensaladas de verdura asada como su nombre indica se componen de una base de verduras asadas (no de hoja) pimiento, berenjena, tomate, calabac\u00edn, cebolla, ajo. Servidas peladas, fr\u00edas y ali\u00f1adas pudiendo ser acompa\u00f1adas de encurtidos, huevo duro y alg\u00fan producto marino en conserva o salaz\u00f3n, como el at\u00fan o las anchoas.<\/p>\n\n\n\n<h2 class=\"wp-block-heading\"><strong>Mise en place para el montaje de ensaladas en el servicio del restaurante.<\/strong><\/h2>\n\n\n\n<figure class=\"wp-block-image size-large\"><img loading=\"lazy\" decoding=\"async\" width=\"500\" height=\"164\" src=\"https:\/\/www.estudiarcocinaygastronomia.com\/wp-content\/uploads\/2020\/04\/image-15.png\" alt=\"\" class=\"wp-image-1133\" srcset=\"https:\/\/www.estudiarcocinaygastronomia.com\/wp-content\/uploads\/2020\/04\/image-15.png 500w, https:\/\/www.estudiarcocinaygastronomia.com\/wp-content\/uploads\/2020\/04\/image-15-300x98.png 300w\" sizes=\"auto, (max-width: 500px) 100vw, 500px\" \/><\/figure>\n\n\n\n<p>Los elementos que aparecen en una ensalada deben destacar por su frescura, con una textura tersa y crujiente, una ensalada de calidad debe estar reci\u00e9n hecha, de este modo nos aseguramos un correcto servicio en el restaurante.<\/p>\n\n\n\n<p>Los componentes de una ensalada deben hablar por ellos mismos, ya que apenas los procesamos, esto quiere decir que al no ser cocinados (normalmente) todo su sabor proviene de forma natural en el alimento, debemos arroparlos con un buen acompa\u00f1amiento y ali\u00f1o de calidad. <\/p>\n\n\n\n<p>A la hora del servicio todos los ingredientes deben estar dispuestos si queremos responder con celeridad y calidad a las demandas de nuestros clientes.<\/p>\n\n\n\n<p>El acabado y presentaci\u00f3n de una ensalada, debe expresar frescura y color, crear una impresi\u00f3n positiva en el comensal a simple vista, ya que en este tipo de platos es muy f\u00e1cil detectar cuando una ensalada no se ha hecho en condiciones.<\/p>\n\n\n\n<h2 class=\"wp-block-heading\"><strong>Recetas de ensaladas.<\/strong><\/h2>\n\n\n\n<p>Para saber m\u00e1s sobre ali\u00f1os de ensaladas te dejo un enlace al tema de <a rel=\"noreferrer noopener\" href=\"https:\/\/www.estudiarcocinaygastronomia.com\/index.php\/2020\/03\/26\/emulsiones-en-la-cocina-calientes-y-frias\/\" target=\"_blank\"><strong>emulsiones AQU\u00cd.<\/strong><\/a><\/p>\n\n\n\n<h2 class=\"wp-block-heading\">\ud83c\udf7dRECETA: <strong>ENSALADA CESAR<\/strong><\/h2>\n\n\n\n<figure class=\"wp-block-image size-large\"><img loading=\"lazy\" decoding=\"async\" width=\"1024\" height=\"768\" src=\"https:\/\/www.estudiarcocinaygastronomia.com\/wp-content\/uploads\/2020\/03\/IMG_0659-1-1024x768.jpg\" alt=\"\" class=\"wp-image-633\" srcset=\"https:\/\/www.estudiarcocinaygastronomia.com\/wp-content\/uploads\/2020\/03\/IMG_0659-1-1024x768.jpg 1024w, https:\/\/www.estudiarcocinaygastronomia.com\/wp-content\/uploads\/2020\/03\/IMG_0659-1-300x225.jpg 300w, https:\/\/www.estudiarcocinaygastronomia.com\/wp-content\/uploads\/2020\/03\/IMG_0659-1-768x576.jpg 768w\" sizes=\"auto, (max-width: 706px) 89vw, (max-width: 767px) 82vw, 740px\" \/><figcaption>Foto de la ensalada cesar<\/figcaption><\/figure>\n\n\n\n<p><strong>Ensalada C\u00e9sar<\/strong><\/p>\n\n\n\n<p>Esta ensalada, tal vez la m\u00e1s conocida de Am\u00e9rica, fue un experimento con muy pocos ingredientes y es un ejemplo de gran creatividad. Existen variantes con pollo, pavo, camarones y muchas otras combinaciones. Sobre su creaci\u00f3n existen dos versiones y, ante la imposibilidad de validarlas, se presentan ambas, dejando su elecci\u00f3n a criterio del lector.<\/p>\n\n\n\n<p>Seg\u00fan la historia m\u00e1s difundida, aunque no documentada, la ensalada C\u00e9sar fue creada por la familia Cardini (concretamente por C\u00e9sar Cardini), compuesta por inmigrantes italianos due\u00f1os de un restaurante en Tijuana, M\u00e9xico. Crearon esta ensalada en 1924 como parte del men\u00fa de su establecimiento.<\/p>\n\n\n\n<p>Hoy se prepara en casi todo el mundo y se caracteriza por su excelente aderezo, patentado en 1948 por C\u00e9sar Cardini. Por su parte, George Herter \u2013 autor de Bull cook and authentic historical recipes and practices (1963)\u2013 aoirma que es falso que la ensalada C\u00e9sar se haya inventado en Tijuana, sino que fue creada en 1903 por Giacomo Junia, cocinero italiano, en Chicago, Illinois. Junia trabajaba para un peque\u00f1o restaurante llamado The New York Cafe y su especialidad era la pizza y el espagueti, que en esos d\u00edas casi nadie com\u00eda, incluidos los italianos.<\/p>\n\n\n\n<p>\ud83d\udc40 TIPO: <strong>TEMPLADA<\/strong><\/p>\n\n\n\n<p>\ud83e\udd66INGREDIENTES:&nbsp;<\/p>\n\n\n\n<div class=\"wp-block-group\"><div class=\"wp-block-group__inner-container is-layout-flow wp-block-group-is-layout-flow\">\n<div class=\"wp-block-group\"><div class=\"wp-block-group__inner-container is-layout-flow wp-block-group-is-layout-flow\">\n<ul class=\"wp-block-list\"><li>Lechugas variadas<\/li><li>Pechuga de pollo empanada.<\/li><li>Salsa cesar, mayonesa y anchoas.<\/li><li>Tomates cherrys.<\/li><li>Queso parmesano.<\/li><li>Pan para hacer costrones.<\/li><\/ul>\n<\/div><\/div>\n<\/div><\/div>\n\n\n\n<figure class=\"wp-block-embed-youtube wp-block-embed is-type-video is-provider-youtube wp-embed-aspect-16-9 wp-has-aspect-ratio\"><div class=\"wp-block-embed__wrapper\">\n<iframe loading=\"lazy\" title=\"\ud83e\udd57Como hacer ENSALADA CESAR ( crujiente )\" width=\"525\" height=\"295\" src=\"https:\/\/www.youtube.com\/embed\/BQEc76F_sLs?feature=oembed\" frameborder=\"0\" allow=\"accelerometer; autoplay; clipboard-write; encrypted-media; gyroscope; picture-in-picture; web-share\" referrerpolicy=\"strict-origin-when-cross-origin\" allowfullscreen><\/iframe>\n<\/div><figcaption>Elaboraci\u00f3n de la ensalada cesar.<\/figcaption><\/figure>\n\n\n\n<h2 class=\"wp-block-heading\">\ud83c\udf7dRECETA:  ENSALADA <strong>NIZARDA<\/strong><\/h2>\n\n\n\n<p>\ud83d\udc40 TIPO: <strong>ENSALADILLAS<\/strong><\/p>\n\n\n\n<p>\ud83e\udd66INGREDIENTES:&nbsp;<\/p>\n\n\n\n<div class=\"wp-block-group\"><div class=\"wp-block-group__inner-container is-layout-flow wp-block-group-is-layout-flow\">\n<div class=\"wp-block-group\"><div class=\"wp-block-group__inner-container is-layout-flow wp-block-group-is-layout-flow\">\n<ul class=\"wp-block-list\"><li>650 g.Jud\u00edas verdes tipo Helda.<\/li><li>800 g. Patatas.<\/li><li>2 ud. Huevos.<\/li><li>1 ud. Pimiento rojo.<\/li><li>1 ud. Lechuga tipo Romana.<\/li><li>C\/S Salsa Vinagreta.<\/li><li>650 g. Tomate tipo Raff o Valenciano.<\/li><li>C\/S Aceitunas negras deshuesadas<\/li><li>16 filetes Anchoas.<\/li><li>250 g. At\u00fan en aceite.<\/li><li>C\/S Perejil.<\/li><\/ul>\n<\/div><\/div>\n<\/div><\/div>\n\n\n\n<h3 class=\"wp-block-heading\"><strong>Elaboraci\u00f3n ensalada nizarda:<\/strong><\/h3>\n\n\n\n<ul class=\"wp-block-list\"><li>Mise en place de g\u00e9neros y \u00fatiles.<\/li><li>Lavar la lechuga y cortar en juliana. Reservar en fr\u00edo tapada con un pa\u00f1o humedecido.<\/li><li>Lavar las patatas, cocerlas en agua fr\u00eda sin sal. Extraer, refrescar, pelar y cortar en rodajas con cuidado de no deshacerlas.<\/li><li>Escaldar el tomate o pelarlo a vivo, cortarlo en rodajas.<\/li><li>Lavar y cortar en rombos la jud\u00eda verde. Cocer a la inglesa, refrescar.<\/li><li>Cocer los huevos como de costumbre. Refrescar, pelar y cortar en cuartos.<\/li><li>Asar el pimiento rojo, introducir en una bolsa de pl\u00e1stico, pelar, despepitar y cortar en juliana.<\/li><li>Cortar las aceitunas en dos longitudinalmente y picar el perejil.<\/li><li>Montaje: colocar en el fondo de un plato trinchero una base de lechuga en juliana y, sobre \u00e9sta, cuatro rodajas de patatas en forma de abanico, hacer lo propio con tres rodajas de tomate. Colocar la jud\u00eda en forma de bouquet en un lado. Terminar el montaje con el at\u00fan en aceite, los filetes de anchoas, la juliana de pimiento asado, las aceitunas negras y 2 cuartos de huevo cocido. Aderezar con la Salsa Vinagreta y decorar con el perejil picado.<\/li><li>Servir fr\u00eda.<\/li><\/ul>\n\n\n\n<h2 class=\"wp-block-heading\">\ud83c\udf7dRECETA:<strong>  ENSALADA ESCALIVADA<\/strong><\/h2>\n\n\n\n<figure class=\"wp-block-image size-large\"><img loading=\"lazy\" decoding=\"async\" width=\"1024\" height=\"768\" src=\"https:\/\/www.estudiarcocinaygastronomia.com\/wp-content\/uploads\/2020\/03\/IMG_0656-1-1024x768.jpg\" alt=\"\" class=\"wp-image-632\" srcset=\"https:\/\/www.estudiarcocinaygastronomia.com\/wp-content\/uploads\/2020\/03\/IMG_0656-1-1024x768.jpg 1024w, https:\/\/www.estudiarcocinaygastronomia.com\/wp-content\/uploads\/2020\/03\/IMG_0656-1-300x225.jpg 300w, https:\/\/www.estudiarcocinaygastronomia.com\/wp-content\/uploads\/2020\/03\/IMG_0656-1-768x576.jpg 768w\" sizes=\"auto, (max-width: 706px) 89vw, (max-width: 767px) 82vw, 740px\" \/><figcaption>Foto de ensalada escalivada mediterr\u00e1nea. <\/figcaption><\/figure>\n\n\n\n<p>La&nbsp;<strong>escalivada<\/strong>&nbsp;es un plato t\u00edpico del levante espa\u00f1ol presente en la gastronom\u00eda de regiones espa\u00f1olas como<strong> Catalu\u00f1a, Comunidad Valencia, Regi\u00f3n de Murcia y algunas zonas del Bajo Arag\u00f3n.<\/strong> Consta de verduras asadas:&nbsp;<a href=\"https:\/\/es.wikipedia.org\/wiki\/Berenjena\" target=\"_blank\" rel=\"noreferrer noopener\">berenjena<\/a>,&nbsp;<a href=\"https:\/\/es.wikipedia.org\/wiki\/Pimiento\" target=\"_blank\" rel=\"noreferrer noopener\">pimiento<\/a>,&nbsp;<a href=\"https:\/\/es.wikipedia.org\/wiki\/Cebolla\" target=\"_blank\" rel=\"noreferrer noopener\">cebolla<\/a>&nbsp;y&nbsp;<a href=\"https:\/\/es.wikipedia.org\/wiki\/Tomate\" target=\"_blank\" rel=\"noreferrer noopener\">tomate<\/a>.<\/p>\n\n\n\n<p>Su nombre proviene del&nbsp;verbo&nbsp;<a rel=\"noreferrer noopener\" href=\"https:\/\/es.wikipedia.org\/wiki\/Idioma_catal%C3%A1n\" target=\"_blank\">catal\u00e1n<\/a>&nbsp;<em>escalivar<\/em>&nbsp;que significa \u2018asar al rescoldo\u2019 y del sustantivo&nbsp;<em>caliu<\/em>, rescoldo, y tiene su origen en las comunidades rurales. Tambi\u00e9n se denomina espencat, sobre todo al a\u00f1adirle bacalao.<\/p>\n\n\n\n<p><strong> Es un plato bajo en&nbsp;<a rel=\"noreferrer noopener\" href=\"https:\/\/es.wikipedia.org\/wiki\/Calor%C3%ADa\" target=\"_blank\">calor\u00edas<\/a>&nbsp;y de alto contenido en&nbsp;<a href=\"https:\/\/es.wikipedia.org\/wiki\/Fibra_diet%C3%A9tica\" target=\"_blank\" rel=\"noreferrer noopener\">fibra<\/a>. Tambi\u00e9n puede llevar chorizo criollo y chistorra.<\/strong><\/p>\n\n\n\n<p>\ud83d\udc40 TIPO:<strong> ASADO<\/strong><\/p>\n\n\n\n<p>\ud83e\udd66INGREDIENTES:&nbsp;<\/p>\n\n\n\n<ul class=\"wp-block-list\"><li><strong>ASAR<\/strong><\/li><li>1 Uni. Calabac\u00edn<\/li><li>2 Uni. Pimiento rojo<\/li><li>1 Uni Berenjena<\/li><li>1 Uni. Cebolla<\/li><li>4 Dientes de ajo<\/li><li><strong><a href=\"https:\/\/www.estudiarcocinaygastronomia.com\/index.php\/2020\/03\/26\/emulsiones-en-la-cocina-calientes-y-frias\/\" target=\"_blank\" rel=\"noreferrer noopener\">VINAGRETA<\/a><\/strong><\/li><li>1 Huevo cocido<\/li><li>1dl Vinagreta francesa<\/li><li>M\u00e1s los 4 dientes de ajo asados y machacados.<\/li><li><strong>ACABADO<\/strong><\/li><li>8 Uni. Filetes anchoa<\/li><li>c\/s Aceitunas negras<\/li><li>Palmera de pan<\/li><li>Perejil picado<\/li><\/ul>\n\n\n\n<h3 class=\"wp-block-heading\"><strong>Elaboraci\u00f3n de la escalivada.<\/strong><\/h3>\n\n\n\n<ul class=\"wp-block-list\"><li>Las verduras se&nbsp;<a href=\"https:\/\/es.wikipedia.org\/wiki\/Asado\">asan<\/a>, a la parrilla o en el&nbsp;<a href=\"https:\/\/es.wikipedia.org\/wiki\/Horno\">horno<\/a>, hasta que est\u00e1n cocidas. Se dejan enfriar para despu\u00e9s pelarlas y despepitarlas. <\/li><li>Para servir, se cortan en largas tiras de forma longitudinal y se ali\u00f1an con aceite de oliva y sal, y se suele a\u00f1adir ajo a trozos peque\u00f1os. <\/li><li>Es un plato que se come a temperatura ambiente por lo que suele ser m\u00e1s habitual su consumo en los meses de verano.<\/li><li>La escalivada puede comerse sola o como acompa\u00f1amiento de un plato principal (<a href=\"https:\/\/es.wikipedia.org\/wiki\/Carne\">carne<\/a>,&nbsp;<a href=\"https:\/\/es.wikipedia.org\/wiki\/Pescado\">pescado<\/a>, etc\u00e9tera). <\/li><li>Una forma t\u00edpica de consumo es presentar la escalivada sobre una tosta de pan y acompa\u00f1arla con unos filetes de&nbsp;<a href=\"https:\/\/es.wikipedia.org\/wiki\/Anchoa\">anchoa<\/a>. <\/li><li>Otra de las m\u00faltiples versiones que tiene este plato es la de presentar la escalivada en forma de&nbsp;<a href=\"https:\/\/es.wikipedia.org\/wiki\/Mousse\">mousse<\/a>&nbsp;o de&nbsp;<a href=\"https:\/\/es.wikipedia.org\/wiki\/Pastel_(gastronom%C3%ADa)\">pastel<\/a>.<\/li><\/ul>\n\n\n\n<h2 class=\"wp-block-heading\">\ud83c\udf7dRECETA: <strong>MOJE DE TOMATE<\/strong><\/h2>\n\n\n\n<p>\ud83d\udc40 TIPO: <strong>MOJES<\/strong><\/p>\n\n\n\n<p>\ud83e\udd66INGREDIENTES:&nbsp;<\/p>\n\n\n\n<ul class=\"wp-block-list\"><li><strong>BASE<\/strong><\/li><li>1kg Tomate maduro pelado<\/li><\/ul>\n\n\n\n<div class=\"wp-block-group\"><div class=\"wp-block-group__inner-container is-layout-flow wp-block-group-is-layout-flow\">\n<div class=\"wp-block-group\"><div class=\"wp-block-group__inner-container is-layout-flow wp-block-group-is-layout-flow\">\n<ul class=\"wp-block-list\"><li><strong>COMPLEMENTOS<\/strong><\/li><li>2 Uni. Cebolla tierna<\/li><li>3 Uni. Huevo cocido<\/li><li>150gr Aceitunas sin hueso<\/li><li>3 Latas de at\u00fan o sardinas<\/li><li>2dl Aceite oliva virgen<\/li><li>1 diente de ajo en brunoise<\/li><li>C\/s Sal<\/li><\/ul>\n<\/div><\/div>\n<\/div><\/div>\n\n\n\n<ul class=\"wp-block-list\"><li><strong>PARA MOJAR<\/strong><\/li><li>1 Barra de pan fresado<\/li><\/ul>\n\n\n\n<h3 class=\"wp-block-heading\"><strong>Elaboraci\u00f3n del moje<\/strong>:<\/h3>\n\n\n\n<p>Pelar i despepitar el tomate, cortar en paisana.<\/p>\n\n\n\n<ul class=\"wp-block-list\"><li>Cocer el huevo durante 13 minutos partiendo de agua hirviendo, refrescando al acabar la cocci\u00f3n.<\/li><li>Cortar en juliana fina la cebolla.<\/li><li>Mezclar en un bol: El tomate, la cebolla, el huevo cortado en paisana, el ajo y las latas, ali\u00f1ar con aceite y sal.<\/li><li>Servir en plato hondo decorada con perejil picado acompa\u00f1ada de un buen pan de pueblo para mojar.<\/li><li>El tomate natural se puede sustituir por tomate entero de bote.<\/li><\/ul>\n\n\n\n<h2 class=\"wp-block-heading\">\ud83c\udf7dRECETA: <strong>WALDORF<\/strong><\/h2>\n\n\n\n<p>Durante los \u00faltimos a\u00f1os del siglo xix, Oscar Tschirky, <em>ma\u00eetre <\/em>del hotel WaldorfZ Astoria, invent\u00f3 una ensalada que s\u00f3lo ten\u00eda tres ingredientes: <strong>mayonesa, apio y manzana. <\/strong><\/p>\n\n\n\n<p>La ensalada Waldorf (que lleva ese nombre en honor del hotel) se impuso r\u00e1pidamente en el gusto de la clase alta de la \u00e9poca, y pas\u00f3 a ser uno de los platos estrella durante mucho tiempo. <\/p>\n\n\n\n<p>Sin embargo, las tendencias han cambiado y ahora a la receta original se le a\u00f1aden nueces, jugo de lim\u00f3n y queso semiduro; en ocasiones se sustituye la mayonesa por yogur.<\/p>\n\n\n\n<p>\ud83d\udc40 TIPO: <strong>COMPUESTA<\/strong>.<\/p>\n\n\n\n<p>\ud83e\udd66INGREDIENTES:<\/p>\n\n\n\n<ul class=\"wp-block-list\"><li>750 g. Manzana tipo Reineta. <\/li><li>C\/S Salsa Mahonesa.<\/li><li>100 g. Nueces. <\/li><li>C\/S Nata.<\/li><li>100 g. Apio. <\/li><li>C\/S Cebollino.<\/li><li>1 ud. Lim\u00f3n.<\/li><\/ul>\n\n\n\n<h3 class=\"wp-block-heading\"><strong>Elaboraci\u00f3n de ensalada Waldorf:<\/strong><\/h3>\n\n\n\n<ul class=\"wp-block-list\"><li>Pelar, lavar, descorazonar y cortar la manzana en juliana gruesa. Rociar con zumo de lim\u00f3n.<\/li><li>Cascar las nueces y cortarlas en juliana, reservando algunas enteras para decorar.<\/li><li>Lavar, eliminar los hilos y cortar el apio en juliana fina. Colocar en un recipiente con agua y hielo.<\/li><li>Picar el cebollino.<\/li><li>Aligerar la Salsa Mahonesa con un poco de nata semimontada.<\/li><li>Escurrir el apio y secar bien con papel absorbente.<\/li><li>Mezclar la manzana con un poco de Salsa Mahonesa aligerada.<\/li><li>Montaje: colocar un aro de acero inox. en el centro de un plato trinchero. Llenar la mitad del aro con la manzana, colocar las nueces y terminar de llenar el aro con el apio. Presionar el timbal y retirar el aro. Colocar m\u00e1s apio dando altura y salsear con unos cordones de Salsa Mahonesa. Decorar con las nueces enteras y el cebollino picado.<\/li><li>Servir fr\u00eda o a temperatura ambiente.<\/li><\/ul>\n\n\n\n<figure class=\"wp-block-embed-youtube wp-block-embed is-type-video is-provider-youtube wp-embed-aspect-16-9 wp-has-aspect-ratio\"><div class=\"wp-block-embed__wrapper\">\n<iframe loading=\"lazy\" title=\"Como hacer receta ENSALADA WALDORF ( cl\u00e1sica )\" width=\"525\" height=\"295\" src=\"https:\/\/www.youtube.com\/embed\/t_Sx29lUFKk?start=111&#038;feature=oembed\" frameborder=\"0\" allow=\"accelerometer; autoplay; clipboard-write; encrypted-media; gyroscope; picture-in-picture; web-share\" referrerpolicy=\"strict-origin-when-cross-origin\" allowfullscreen><\/iframe>\n<\/div><figcaption>Elaboraci\u00f3n de la ensalada Waldorf.<\/figcaption><\/figure>\n\n\n\n<figure><iframe loading=\"lazy\" src=\"https:\/\/docs.google.com\/forms\/d\/e\/1FAIpQLSdw8nagr6g9R8PP996d73PY4okg-5U8FK75PYDdmhg7IJJ9QQ\/viewform?embedded=true\" width=\"640\" height=\"4792\"><\/iframe><\/figure>\n","protected":false},"excerpt":{"rendered":"<p>\u2b50\ufe0f\u2b50\ufe0f\u2b50\ufe0f\u2b50\ufe0f\u2b50\ufe0fT\u00e9cnica de elaboraci\u00f3n y tipos de ensaladas, explicado con esquemas, fotos, v\u00eddeos y recetas. Apuntes de cocina.<\/p>\n","protected":false},"author":1,"featured_media":546,"comment_status":"closed","ping_status":"closed","sticky":false,"template":"","format":"standard","meta":{"footnotes":""},"categories":[1],"tags":[57,52,51,56,59,61,54,48,64,58,63,178,180,179],"class_list":["post-1130","post","type-post","status-publish","format-standard","has-post-thumbnail","hentry","category-estudiar-cocina-y-gastronomia","tag-apuntes-de-cocina","tag-cocina-facil","tag-cocina-y-gastronomia","tag-curso-a-distancia","tag-curso-a-distancia-gratis","tag-curso-con-salida-laboral","tag-curso-de-cocina","tag-curso-de-cocina-gratis","tag-curso-gratis","tag-curso-y-taller","tag-cvpcruz","tag-ensaladas","tag-esquema-de-ensaladas","tag-tipos-de-ensalada"],"yoast_head":"<!-- This site is optimized with the Yoast SEO plugin v23.9 - https:\/\/yoast.com\/wordpress\/plugins\/seo\/ -->\n<title>\ud83e\udd57Ensaladas en la cocina profesional. Estudiar cocina y gastronom\u00eda<\/title>\n<meta name=\"description\" content=\"\u2b50\ufe0f\u2b50\ufe0f\u2b50\ufe0f\u2b50\ufe0f\u2b50\ufe0fT\u00e9cnica de elaboraci\u00f3n y tipos de ensaladas, explicado con esquemas, fotos, v\u00eddeos y recetas. Apuntes de cocina.\" \/>\n<meta name=\"robots\" content=\"index, follow, max-snippet:-1, max-image-preview:large, max-video-preview:-1\" \/>\n<link rel=\"canonical\" href=\"https:\/\/www.estudiarcocinaygastronomia.com\/index.php\/2020\/04\/22\/ensaladas-en-la-cocina-profesional\/\" \/>\n<meta property=\"og:locale\" content=\"es_ES\" \/>\n<meta property=\"og:type\" content=\"article\" \/>\n<meta property=\"og:title\" content=\"\ud83e\udd57Ensaladas en la cocina profesional. Estudiar cocina y gastronom\u00eda\" \/>\n<meta property=\"og:description\" content=\"\u2b50\ufe0f\u2b50\ufe0f\u2b50\ufe0f\u2b50\ufe0f\u2b50\ufe0fT\u00e9cnica de elaboraci\u00f3n y tipos de ensaladas, explicado con esquemas, fotos, v\u00eddeos y recetas. Apuntes de cocina.\" \/>\n<meta property=\"og:url\" content=\"https:\/\/www.estudiarcocinaygastronomia.com\/index.php\/2020\/04\/22\/ensaladas-en-la-cocina-profesional\/\" \/>\n<meta property=\"og:site_name\" content=\"Estudiar cocina y gastronom&iacute;a.\" \/>\n<meta property=\"article:published_time\" content=\"2020-04-22T14:57:39+00:00\" \/>\n<meta property=\"article:modified_time\" content=\"2020-05-04T08:46:14+00:00\" \/>\n<meta property=\"og:image\" content=\"https:\/\/www.estudiarcocinaygastronomia.com\/wp-content\/uploads\/2020\/03\/IMG_0656-scaled.jpg\" \/>\n\t<meta property=\"og:image:width\" content=\"2560\" \/>\n\t<meta property=\"og:image:height\" content=\"1920\" \/>\n\t<meta property=\"og:image:type\" content=\"image\/jpeg\" \/>\n<meta name=\"author\" content=\"admin\" \/>\n<meta name=\"twitter:card\" content=\"summary_large_image\" \/>\n<meta name=\"twitter:label1\" content=\"Escrito por\" \/>\n\t<meta name=\"twitter:data1\" content=\"admin\" \/>\n\t<meta name=\"twitter:label2\" content=\"Tiempo de lectura\" \/>\n\t<meta name=\"twitter:data2\" content=\"11 minutos\" \/>\n<script type=\"application\/ld+json\" class=\"yoast-schema-graph\">{\"@context\":\"https:\/\/schema.org\",\"@graph\":[{\"@type\":\"Article\",\"@id\":\"https:\/\/www.estudiarcocinaygastronomia.com\/index.php\/2020\/04\/22\/ensaladas-en-la-cocina-profesional\/#article\",\"isPartOf\":{\"@id\":\"https:\/\/www.estudiarcocinaygastronomia.com\/index.php\/2020\/04\/22\/ensaladas-en-la-cocina-profesional\/\"},\"author\":{\"name\":\"admin\",\"@id\":\"https:\/\/www.estudiarcocinaygastronomia.com\/#\/schema\/person\/b0e5d61c9acf39b2f12d46eb5bcc9422\"},\"headline\":\"\ud83e\udd57Ensaladas en la cocina profesional.\",\"datePublished\":\"2020-04-22T14:57:39+00:00\",\"dateModified\":\"2020-05-04T08:46:14+00:00\",\"mainEntityOfPage\":{\"@id\":\"https:\/\/www.estudiarcocinaygastronomia.com\/index.php\/2020\/04\/22\/ensaladas-en-la-cocina-profesional\/\"},\"wordCount\":2258,\"publisher\":{\"@id\":\"https:\/\/www.estudiarcocinaygastronomia.com\/#organization\"},\"image\":{\"@id\":\"https:\/\/www.estudiarcocinaygastronomia.com\/index.php\/2020\/04\/22\/ensaladas-en-la-cocina-profesional\/#primaryimage\"},\"thumbnailUrl\":\"https:\/\/www.estudiarcocinaygastronomia.com\/wp-content\/uploads\/2020\/03\/IMG_0656-scaled.jpg\",\"keywords\":[\"apuntes de cocina\",\"cocina f\u00e1cil\",\"cocina y gastronom\u00eda\",\"curso a distancia\",\"curso a distancia gratis\",\"curso con salida laboral\",\"curso de cocina\",\"curso de cocina gratis\",\"curso gratis\",\"curso y taller\",\"cvpcruz\",\"ensaladas\",\"esquema de ensaladas.\",\"tipos de ensalada\"],\"articleSection\":[\"Estudiar cocina y gastronom\u00eda\"],\"inLanguage\":\"es\"},{\"@type\":\"WebPage\",\"@id\":\"https:\/\/www.estudiarcocinaygastronomia.com\/index.php\/2020\/04\/22\/ensaladas-en-la-cocina-profesional\/\",\"url\":\"https:\/\/www.estudiarcocinaygastronomia.com\/index.php\/2020\/04\/22\/ensaladas-en-la-cocina-profesional\/\",\"name\":\"\ud83e\udd57Ensaladas en la cocina profesional. Estudiar cocina y gastronom\u00eda\",\"isPartOf\":{\"@id\":\"https:\/\/www.estudiarcocinaygastronomia.com\/#website\"},\"primaryImageOfPage\":{\"@id\":\"https:\/\/www.estudiarcocinaygastronomia.com\/index.php\/2020\/04\/22\/ensaladas-en-la-cocina-profesional\/#primaryimage\"},\"image\":{\"@id\":\"https:\/\/www.estudiarcocinaygastronomia.com\/index.php\/2020\/04\/22\/ensaladas-en-la-cocina-profesional\/#primaryimage\"},\"thumbnailUrl\":\"https:\/\/www.estudiarcocinaygastronomia.com\/wp-content\/uploads\/2020\/03\/IMG_0656-scaled.jpg\",\"datePublished\":\"2020-04-22T14:57:39+00:00\",\"dateModified\":\"2020-05-04T08:46:14+00:00\",\"description\":\"\u2b50\ufe0f\u2b50\ufe0f\u2b50\ufe0f\u2b50\ufe0f\u2b50\ufe0fT\u00e9cnica de elaboraci\u00f3n y tipos de ensaladas, explicado con esquemas, fotos, v\u00eddeos y recetas. Apuntes de cocina.\",\"breadcrumb\":{\"@id\":\"https:\/\/www.estudiarcocinaygastronomia.com\/index.php\/2020\/04\/22\/ensaladas-en-la-cocina-profesional\/#breadcrumb\"},\"inLanguage\":\"es\",\"potentialAction\":[{\"@type\":\"ReadAction\",\"target\":[\"https:\/\/www.estudiarcocinaygastronomia.com\/index.php\/2020\/04\/22\/ensaladas-en-la-cocina-profesional\/\"]}]},{\"@type\":\"ImageObject\",\"inLanguage\":\"es\",\"@id\":\"https:\/\/www.estudiarcocinaygastronomia.com\/index.php\/2020\/04\/22\/ensaladas-en-la-cocina-profesional\/#primaryimage\",\"url\":\"https:\/\/www.estudiarcocinaygastronomia.com\/wp-content\/uploads\/2020\/03\/IMG_0656-scaled.jpg\",\"contentUrl\":\"https:\/\/www.estudiarcocinaygastronomia.com\/wp-content\/uploads\/2020\/03\/IMG_0656-scaled.jpg\",\"width\":2560,\"height\":1920},{\"@type\":\"BreadcrumbList\",\"@id\":\"https:\/\/www.estudiarcocinaygastronomia.com\/index.php\/2020\/04\/22\/ensaladas-en-la-cocina-profesional\/#breadcrumb\",\"itemListElement\":[{\"@type\":\"ListItem\",\"position\":1,\"name\":\"Portada\",\"item\":\"https:\/\/www.estudiarcocinaygastronomia.com\/\"},{\"@type\":\"ListItem\",\"position\":2,\"name\":\"\ud83e\udd57Ensaladas en la cocina profesional.\"}]},{\"@type\":\"WebSite\",\"@id\":\"https:\/\/www.estudiarcocinaygastronomia.com\/#website\",\"url\":\"https:\/\/www.estudiarcocinaygastronomia.com\/\",\"name\":\"Estudiar cocina y gastronom&iacute;a.\",\"description\":\"Lo mejor de la hosteler&iacute;a y m&aacute;s, a un solo click.\",\"publisher\":{\"@id\":\"https:\/\/www.estudiarcocinaygastronomia.com\/#organization\"},\"potentialAction\":[{\"@type\":\"SearchAction\",\"target\":{\"@type\":\"EntryPoint\",\"urlTemplate\":\"https:\/\/www.estudiarcocinaygastronomia.com\/?s={search_term_string}\"},\"query-input\":{\"@type\":\"PropertyValueSpecification\",\"valueRequired\":true,\"valueName\":\"search_term_string\"}}],\"inLanguage\":\"es\"},{\"@type\":\"Organization\",\"@id\":\"https:\/\/www.estudiarcocinaygastronomia.com\/#organization\",\"name\":\"Estudiar cocina y gastronom&iacute;a.\",\"url\":\"https:\/\/www.estudiarcocinaygastronomia.com\/\",\"logo\":{\"@type\":\"ImageObject\",\"inLanguage\":\"es\",\"@id\":\"https:\/\/www.estudiarcocinaygastronomia.com\/#\/schema\/logo\/image\/\",\"url\":\"https:\/\/www.estudiarcocinaygastronomia.com\/wp-content\/uploads\/2020\/02\/cropped-noname-1.png\",\"contentUrl\":\"https:\/\/www.estudiarcocinaygastronomia.com\/wp-content\/uploads\/2020\/02\/cropped-noname-1.png\",\"width\":323,\"height\":250,\"caption\":\"Estudiar cocina y gastronom&iacute;a.\"},\"image\":{\"@id\":\"https:\/\/www.estudiarcocinaygastronomia.com\/#\/schema\/logo\/image\/\"}},{\"@type\":\"Person\",\"@id\":\"https:\/\/www.estudiarcocinaygastronomia.com\/#\/schema\/person\/b0e5d61c9acf39b2f12d46eb5bcc9422\",\"name\":\"admin\",\"image\":{\"@type\":\"ImageObject\",\"inLanguage\":\"es\",\"@id\":\"https:\/\/www.estudiarcocinaygastronomia.com\/#\/schema\/person\/image\/\",\"url\":\"https:\/\/secure.gravatar.com\/avatar\/9b5c4beb3fa8209e52d722d1e9c0993b?s=96&d=mm&r=g\",\"contentUrl\":\"https:\/\/secure.gravatar.com\/avatar\/9b5c4beb3fa8209e52d722d1e9c0993b?s=96&d=mm&r=g\",\"caption\":\"admin\"}}]}<\/script>\n<!-- \/ Yoast SEO plugin. -->","yoast_head_json":{"title":"\ud83e\udd57Ensaladas en la cocina profesional. Estudiar cocina y gastronom\u00eda","description":"\u2b50\ufe0f\u2b50\ufe0f\u2b50\ufe0f\u2b50\ufe0f\u2b50\ufe0fT\u00e9cnica de elaboraci\u00f3n y tipos de ensaladas, explicado con esquemas, fotos, v\u00eddeos y recetas. Apuntes de cocina.","robots":{"index":"index","follow":"follow","max-snippet":"max-snippet:-1","max-image-preview":"max-image-preview:large","max-video-preview":"max-video-preview:-1"},"canonical":"https:\/\/www.estudiarcocinaygastronomia.com\/index.php\/2020\/04\/22\/ensaladas-en-la-cocina-profesional\/","og_locale":"es_ES","og_type":"article","og_title":"\ud83e\udd57Ensaladas en la cocina profesional. Estudiar cocina y gastronom\u00eda","og_description":"\u2b50\ufe0f\u2b50\ufe0f\u2b50\ufe0f\u2b50\ufe0f\u2b50\ufe0fT\u00e9cnica de elaboraci\u00f3n y tipos de ensaladas, explicado con esquemas, fotos, v\u00eddeos y recetas. Apuntes de cocina.","og_url":"https:\/\/www.estudiarcocinaygastronomia.com\/index.php\/2020\/04\/22\/ensaladas-en-la-cocina-profesional\/","og_site_name":"Estudiar cocina y gastronom&iacute;a.","article_published_time":"2020-04-22T14:57:39+00:00","article_modified_time":"2020-05-04T08:46:14+00:00","og_image":[{"width":2560,"height":1920,"url":"https:\/\/www.estudiarcocinaygastronomia.com\/wp-content\/uploads\/2020\/03\/IMG_0656-scaled.jpg","type":"image\/jpeg"}],"author":"admin","twitter_card":"summary_large_image","twitter_misc":{"Escrito por":"admin","Tiempo de lectura":"11 minutos"},"schema":{"@context":"https:\/\/schema.org","@graph":[{"@type":"Article","@id":"https:\/\/www.estudiarcocinaygastronomia.com\/index.php\/2020\/04\/22\/ensaladas-en-la-cocina-profesional\/#article","isPartOf":{"@id":"https:\/\/www.estudiarcocinaygastronomia.com\/index.php\/2020\/04\/22\/ensaladas-en-la-cocina-profesional\/"},"author":{"name":"admin","@id":"https:\/\/www.estudiarcocinaygastronomia.com\/#\/schema\/person\/b0e5d61c9acf39b2f12d46eb5bcc9422"},"headline":"\ud83e\udd57Ensaladas en la cocina profesional.","datePublished":"2020-04-22T14:57:39+00:00","dateModified":"2020-05-04T08:46:14+00:00","mainEntityOfPage":{"@id":"https:\/\/www.estudiarcocinaygastronomia.com\/index.php\/2020\/04\/22\/ensaladas-en-la-cocina-profesional\/"},"wordCount":2258,"publisher":{"@id":"https:\/\/www.estudiarcocinaygastronomia.com\/#organization"},"image":{"@id":"https:\/\/www.estudiarcocinaygastronomia.com\/index.php\/2020\/04\/22\/ensaladas-en-la-cocina-profesional\/#primaryimage"},"thumbnailUrl":"https:\/\/www.estudiarcocinaygastronomia.com\/wp-content\/uploads\/2020\/03\/IMG_0656-scaled.jpg","keywords":["apuntes de cocina","cocina f\u00e1cil","cocina y gastronom\u00eda","curso a distancia","curso a distancia gratis","curso con salida laboral","curso de cocina","curso de cocina gratis","curso gratis","curso y taller","cvpcruz","ensaladas","esquema de ensaladas.","tipos de ensalada"],"articleSection":["Estudiar cocina y gastronom\u00eda"],"inLanguage":"es"},{"@type":"WebPage","@id":"https:\/\/www.estudiarcocinaygastronomia.com\/index.php\/2020\/04\/22\/ensaladas-en-la-cocina-profesional\/","url":"https:\/\/www.estudiarcocinaygastronomia.com\/index.php\/2020\/04\/22\/ensaladas-en-la-cocina-profesional\/","name":"\ud83e\udd57Ensaladas en la cocina profesional. Estudiar cocina y gastronom\u00eda","isPartOf":{"@id":"https:\/\/www.estudiarcocinaygastronomia.com\/#website"},"primaryImageOfPage":{"@id":"https:\/\/www.estudiarcocinaygastronomia.com\/index.php\/2020\/04\/22\/ensaladas-en-la-cocina-profesional\/#primaryimage"},"image":{"@id":"https:\/\/www.estudiarcocinaygastronomia.com\/index.php\/2020\/04\/22\/ensaladas-en-la-cocina-profesional\/#primaryimage"},"thumbnailUrl":"https:\/\/www.estudiarcocinaygastronomia.com\/wp-content\/uploads\/2020\/03\/IMG_0656-scaled.jpg","datePublished":"2020-04-22T14:57:39+00:00","dateModified":"2020-05-04T08:46:14+00:00","description":"\u2b50\ufe0f\u2b50\ufe0f\u2b50\ufe0f\u2b50\ufe0f\u2b50\ufe0fT\u00e9cnica de elaboraci\u00f3n y tipos de ensaladas, explicado con esquemas, fotos, v\u00eddeos y recetas. Apuntes de cocina.","breadcrumb":{"@id":"https:\/\/www.estudiarcocinaygastronomia.com\/index.php\/2020\/04\/22\/ensaladas-en-la-cocina-profesional\/#breadcrumb"},"inLanguage":"es","potentialAction":[{"@type":"ReadAction","target":["https:\/\/www.estudiarcocinaygastronomia.com\/index.php\/2020\/04\/22\/ensaladas-en-la-cocina-profesional\/"]}]},{"@type":"ImageObject","inLanguage":"es","@id":"https:\/\/www.estudiarcocinaygastronomia.com\/index.php\/2020\/04\/22\/ensaladas-en-la-cocina-profesional\/#primaryimage","url":"https:\/\/www.estudiarcocinaygastronomia.com\/wp-content\/uploads\/2020\/03\/IMG_0656-scaled.jpg","contentUrl":"https:\/\/www.estudiarcocinaygastronomia.com\/wp-content\/uploads\/2020\/03\/IMG_0656-scaled.jpg","width":2560,"height":1920},{"@type":"BreadcrumbList","@id":"https:\/\/www.estudiarcocinaygastronomia.com\/index.php\/2020\/04\/22\/ensaladas-en-la-cocina-profesional\/#breadcrumb","itemListElement":[{"@type":"ListItem","position":1,"name":"Portada","item":"https:\/\/www.estudiarcocinaygastronomia.com\/"},{"@type":"ListItem","position":2,"name":"\ud83e\udd57Ensaladas en la cocina profesional."}]},{"@type":"WebSite","@id":"https:\/\/www.estudiarcocinaygastronomia.com\/#website","url":"https:\/\/www.estudiarcocinaygastronomia.com\/","name":"Estudiar cocina y gastronom&iacute;a.","description":"Lo mejor de la hosteler&iacute;a y m&aacute;s, a un solo click.","publisher":{"@id":"https:\/\/www.estudiarcocinaygastronomia.com\/#organization"},"potentialAction":[{"@type":"SearchAction","target":{"@type":"EntryPoint","urlTemplate":"https:\/\/www.estudiarcocinaygastronomia.com\/?s={search_term_string}"},"query-input":{"@type":"PropertyValueSpecification","valueRequired":true,"valueName":"search_term_string"}}],"inLanguage":"es"},{"@type":"Organization","@id":"https:\/\/www.estudiarcocinaygastronomia.com\/#organization","name":"Estudiar cocina y gastronom&iacute;a.","url":"https:\/\/www.estudiarcocinaygastronomia.com\/","logo":{"@type":"ImageObject","inLanguage":"es","@id":"https:\/\/www.estudiarcocinaygastronomia.com\/#\/schema\/logo\/image\/","url":"https:\/\/www.estudiarcocinaygastronomia.com\/wp-content\/uploads\/2020\/02\/cropped-noname-1.png","contentUrl":"https:\/\/www.estudiarcocinaygastronomia.com\/wp-content\/uploads\/2020\/02\/cropped-noname-1.png","width":323,"height":250,"caption":"Estudiar cocina y gastronom&iacute;a."},"image":{"@id":"https:\/\/www.estudiarcocinaygastronomia.com\/#\/schema\/logo\/image\/"}},{"@type":"Person","@id":"https:\/\/www.estudiarcocinaygastronomia.com\/#\/schema\/person\/b0e5d61c9acf39b2f12d46eb5bcc9422","name":"admin","image":{"@type":"ImageObject","inLanguage":"es","@id":"https:\/\/www.estudiarcocinaygastronomia.com\/#\/schema\/person\/image\/","url":"https:\/\/secure.gravatar.com\/avatar\/9b5c4beb3fa8209e52d722d1e9c0993b?s=96&d=mm&r=g","contentUrl":"https:\/\/secure.gravatar.com\/avatar\/9b5c4beb3fa8209e52d722d1e9c0993b?s=96&d=mm&r=g","caption":"admin"}}]}},"_links":{"self":[{"href":"https:\/\/www.estudiarcocinaygastronomia.com\/index.php\/wp-json\/wp\/v2\/posts\/1130","targetHints":{"allow":["GET"]}}],"collection":[{"href":"https:\/\/www.estudiarcocinaygastronomia.com\/index.php\/wp-json\/wp\/v2\/posts"}],"about":[{"href":"https:\/\/www.estudiarcocinaygastronomia.com\/index.php\/wp-json\/wp\/v2\/types\/post"}],"author":[{"embeddable":true,"href":"https:\/\/www.estudiarcocinaygastronomia.com\/index.php\/wp-json\/wp\/v2\/users\/1"}],"replies":[{"embeddable":true,"href":"https:\/\/www.estudiarcocinaygastronomia.com\/index.php\/wp-json\/wp\/v2\/comments?post=1130"}],"version-history":[{"count":8,"href":"https:\/\/www.estudiarcocinaygastronomia.com\/index.php\/wp-json\/wp\/v2\/posts\/1130\/revisions"}],"predecessor-version":[{"id":1215,"href":"https:\/\/www.estudiarcocinaygastronomia.com\/index.php\/wp-json\/wp\/v2\/posts\/1130\/revisions\/1215"}],"wp:featuredmedia":[{"embeddable":true,"href":"https:\/\/www.estudiarcocinaygastronomia.com\/index.php\/wp-json\/wp\/v2\/media\/546"}],"wp:attachment":[{"href":"https:\/\/www.estudiarcocinaygastronomia.com\/index.php\/wp-json\/wp\/v2\/media?parent=1130"}],"wp:term":[{"taxonomy":"category","embeddable":true,"href":"https:\/\/www.estudiarcocinaygastronomia.com\/index.php\/wp-json\/wp\/v2\/categories?post=1130"},{"taxonomy":"post_tag","embeddable":true,"href":"https:\/\/www.estudiarcocinaygastronomia.com\/index.php\/wp-json\/wp\/v2\/tags?post=1130"}],"curies":[{"name":"wp","href":"https:\/\/api.w.org\/{rel}","templated":true}]}}