{"id":979,"date":"2020-03-25T10:59:26","date_gmt":"2020-03-25T10:59:26","guid":{"rendered":"https:\/\/www.estudiarcocinaygastronomia.com\/?p=979"},"modified":"2020-03-25T11:06:25","modified_gmt":"2020-03-25T11:06:25","slug":"fondo-de-verduras","status":"publish","type":"post","link":"https:\/\/www.estudiarcocinaygastronomia.com\/index.php\/2020\/03\/25\/fondo-de-verduras\/","title":{"rendered":"\ud83e\udd55Fondo de verduras"},"content":{"rendered":"\n<h2 class=\"wp-block-heading\">Receta  o ficha t\u00e9cnica de caldo de verduras.<\/h2>\n\n\n\n<p>\ud83c\udf7dRECETA: <strong>FONDO NEUTRO O DE VERDURAS&nbsp;<\/strong><\/p>\n\n\n\n<p>\ud83e\udd66INGREDIENTES:<\/p>\n\n\n\n<p>&#8211; 400 g.\tCebolla.<\/p>\n\n\n\n<p>&#8211; 400 g.\tPuerro.<\/p>\n\n\n\n<p>&#8211; 250 g.\tZanahoria.<\/p>\n\n\n\n<p>&#8211; 200 g.\tApio.<\/p>\n\n\n\n<p>&#8211; 400 g.\tTomate maduro.<\/p>\n\n\n\n<p>&#8211; 200 g.\tBulbo de hinojo.<\/p>\n\n\n\n<p>&#8211; 1 ud. <a rel=\"noreferrer noopener\" href=\"https:\/\/www.youtube.com\/watch?v=a4JKRfFLrek&amp;t=2s\" target=\"_blank\">Bouquet-Garn\u00ed<\/a>.<\/p>\n\n\n\n<p>&#8211; 6 litros de agua.<\/p>\n\n\n\n<p>Podemos utilizar verduras al gusto incluso si introducimos patata, legumbres o arroz y lo trituramos podemos obtener un crema suave.<\/p>\n\n\n\n<h2 class=\"wp-block-heading\"><strong>Elaboraci\u00f3n<\/strong>:<\/h2>\n\n\n\n<ol class=\"wp-block-list\"><li>Mise en place de g\u00e9neros y \u00fatiles.<\/li><li>Lavar y cortar las <a rel=\"noreferrer noopener\" href=\"https:\/\/www.youtube.com\/watch?v=JcAg1cL4lwI\" target=\"_blank\">verduras en mirepoix<\/a>.<\/li><li>Colocar las verduras en una marmita con el agua.<\/li><li>Llevar a ebullici\u00f3n cocinando a fuego lento,  <a rel=\"noreferrer noopener\" aria-label=\"desespumando (se abre en una nueva pesta\u00f1a)\" href=\"https:\/\/youtu.be\/yG6CDMgxAdI\" target=\"_blank\">desespumando<\/a> peri\u00f3dicamente. <\/li><li>Cocinar a fuego lento 1 hora contando desde que empieza a hervir.<\/li><li>Adicionar el bouquet garn\u00ed 30min. Antes de apagar el fuego.<\/li><li>Una vez cocinado pasar por <a rel=\"noreferrer noopener\" aria-label=\"colador chino (se abre en una nueva pesta\u00f1a)\" href=\"https:\/\/amzn.to\/2JaLQsQ\" target=\"_blank\">colador chino<\/a> y enfriar en <a rel=\"noreferrer noopener\" aria-label=\"abatidor (se abre en una nueva pesta\u00f1a)\" href=\"https:\/\/amzn.to\/2UBPEsG\" target=\"_blank\">abatidor<\/a> o a temperatura ambiente sobre c\u00e1mara de aire para evitar que fermente, <strong>no debemos guardarlos calientes<\/strong>.<\/li><li>Conservar tapado en c\u00e1mara a 3\u00baC. Congelado o envasado al vac\u00edo.<\/li><\/ol>\n\n\n\n<h2 class=\"wp-block-heading\"><strong>Observaciones:<\/strong><\/h2>\n\n\n\n<ol class=\"wp-block-list\"><li>Este caldo o fondo de verduras es apto para la cocina vegana y las recetas vegetarianas ya que no contiene carne o productos de origen animal.<\/li><li>En Cocina a la combinaci\u00f3n de puerro, zanahoria y cebolla cortada en mirepoix y utilizada para aromatizar fondos o guisos se denomina Guarnici\u00f3n de Marmita. Si estas mismas hortalizas aromatizan asados al horno se denomina Bresa.<\/li><li>Recuerda que las verduras como el apio o el hinojo tienen mucho sabor y pueden predominar sobre el resto.<\/li><li>Al colar el fondo, no se debe presionar para no extraer impurezas.<\/li><li>El desespumado sirve para que el fondo quede m\u00e1s claro.<\/li><li>El agua debe ser fr\u00eda porque se trata de un m\u00e9todo de cocci\u00f3n por expansi\u00f3n.<\/li><\/ol>\n\n\n\n<h2 class=\"wp-block-heading\"><strong>Recetas con fondo o caldo de verduras: <\/strong><\/h2>\n\n\n\n<p>Mojado de arroces de verduras, cocci\u00f3n de guarniciones, escalfado de carnes y pescados, cocci\u00f3n de mariscos, salsas, cremas, gelatinas neutras,  y cualquier aplicaci\u00f3n neutra.<\/p>\n\n\n\n<p>Como explicamos en la&nbsp;<a rel=\"noreferrer noopener\" href=\"https:\/\/www.estudiarcocinaygastronomia.com\/index.php\/2020\/03\/23\/fondos-fumets-o-caldos-basicos-en-la-cocina\/\" target=\"_blank\">teor\u00eda de fondos y fumets<\/a>&nbsp;lo que buscamos es transferir al agua el sabor de la carne o la verdura.<\/p>\n\n\n\n<p>Si quieres saber m\u00e1s sobre fondos y fumets pincha&nbsp;<strong><a rel=\"noreferrer noopener\" href=\"https:\/\/www.estudiarcocinaygastronomia.com\/index.php\/2020\/03\/23\/fondos-fumets-o-caldos-basicos-en-la-cocina\/\" target=\"_blank\">AQU\u00cd.<\/a><\/strong><\/p>\n\n\n\n<h2 class=\"wp-block-heading\">\u00bfCu\u00e1nto sabes sobre fondos y fumets? <\/h2>\n\n\n\n<p>\u00bfTe atreves con el test? <a rel=\"noreferrer noopener\" aria-label=\"Pincha AQU\u00cd. (se abre en una nueva pesta\u00f1a)\" href=\"https:\/\/www.estudiarcocinaygastronomia.com\/index.php\/2020\/03\/23\/cuestionario-sobre-fondos-y-fumets\/\" target=\"_blank\">Pincha <strong>AQU\u00cd.<\/strong><\/a><\/p>\n\n\n\n<h2 class=\"wp-block-heading\">Lectura recomendada:<\/h2>\n\n\n\n<p> <a rel=\"noreferrer noopener\" aria-label=\"Libro de caldos de Ricard Camarena. (se abre en una nueva pesta\u00f1a)\" href=\"https:\/\/amzn.to\/2xeRAzg\" target=\"_blank\">Libro de caldos de Ricard Camarena.<\/a> En el Iibro CALDOS se aborda una de las t\u00e9cnicas por las que el cocinero valenciano domina.<\/p>\n\n\n\n<p><strong>Rese\u00f1a del autor: <\/strong>\u00abEl sabor es la esencia de mi cocina, busco potenciar los cinco sentidos del cliente en coda plato para sorprenderle con una experiencia \u00fanica. En coda una de nuestras propuestas gastron\u00f3micas cocinamos desde el coraz\u00f3n\u00bb. <\/p>\n\n\n\n<iframe style=\"width:120px;height:240px;\" marginwidth=\"0\" marginheight=\"0\" scrolling=\"no\" frameborder=\"0\" src=\"\/\/rcm-eu.amazon-adsystem.com\/e\/cm?lt1=_blank&amp;bc1=000000&amp;IS2=1&amp;bg1=FFFFFF&amp;fc1=000000&amp;lc1=0000FF&amp;t=esloga03-21&amp;language=es_ES&amp;o=30&amp;p=8&amp;l=as4&amp;m=amazon&amp;f=ifr&amp;ref=as_ss_li_til&amp;asins=8472121577&amp;linkId=c21cb95eb407eddf3ebff7befc719277\"><\/iframe>\n","protected":false},"excerpt":{"rendered":"<p>, Imprescindible \u2618\ufe0f CALDO O FONDO DE VERDURAS ideal para la preparaci\u00f3n de sopas, arroces, cremas, guisos, pastas, etc.<\/p>\n","protected":false},"author":1,"featured_media":609,"comment_status":"closed","ping_status":"closed","sticky":false,"template":"","format":"standard","meta":{"footnotes":""},"categories":[1],"tags":[57,146,147,52,51,56,59,61,54,48,64,58,63,62,55,50,145,148,53,144,60],"class_list":["post-979","post","type-post","status-publish","format-standard","has-post-thumbnail","hentry","category-estudiar-cocina-y-gastronomia","tag-apuntes-de-cocina","tag-caldo-vegano","tag-caldo-vegetariano","tag-cocina-facil","tag-cocina-y-gastronomia","tag-curso-a-distancia","tag-curso-a-distancia-gratis","tag-curso-con-salida-laboral","tag-curso-de-cocina","tag-curso-de-cocina-gratis","tag-curso-gratis","tag-curso-y-taller","tag-cvpcruz","tag-esloga","tag-estudiar-cocina","tag-estudiar-cocina-y-gastronomia","tag-fondo-de-verduras","tag-fondo-neutro","tag-pucol","tag-receta-caldo-de-verduras","tag-repaso-de-cocina"],"yoast_head":"<!-- This site is optimized with the Yoast SEO plugin v23.9 - https:\/\/yoast.com\/wordpress\/plugins\/seo\/ -->\n<title>\ud83e\udd55Fondo de verduras \ud83e\udd54Estudiar cocina y gastronom\u00eda<\/title>\n<meta name=\"description\" content=\"\u2b50\ufe0fRECETA RECOMENDADA , Imprescindible \u2618\ufe0f CALDO O FONDO DE VERDURAS ideal para la preparaci\u00f3n de sopas, arroces, cremas, guisos, pastas, etc.\" \/>\n<meta name=\"robots\" content=\"index, follow, max-snippet:-1, max-image-preview:large, max-video-preview:-1\" \/>\n<link rel=\"canonical\" href=\"https:\/\/www.estudiarcocinaygastronomia.com\/index.php\/2020\/03\/25\/fondo-de-verduras\/\" \/>\n<meta property=\"og:locale\" content=\"es_ES\" \/>\n<meta property=\"og:type\" content=\"article\" \/>\n<meta property=\"og:title\" content=\"\ud83e\udd55Fondo de verduras \ud83e\udd54Estudiar cocina y gastronom\u00eda\" \/>\n<meta property=\"og:description\" content=\"\u2b50\ufe0fRECETA RECOMENDADA , Imprescindible \u2618\ufe0f CALDO O FONDO DE VERDURAS ideal para la preparaci\u00f3n de sopas, arroces, cremas, guisos, pastas, etc.\" \/>\n<meta property=\"og:url\" content=\"https:\/\/www.estudiarcocinaygastronomia.com\/index.php\/2020\/03\/25\/fondo-de-verduras\/\" \/>\n<meta property=\"og:site_name\" content=\"Estudiar cocina y gastronom&iacute;a.\" \/>\n<meta property=\"article:published_time\" content=\"2020-03-25T10:59:26+00:00\" \/>\n<meta property=\"article:modified_time\" content=\"2020-03-25T11:06:25+00:00\" \/>\n<meta property=\"og:image\" content=\"https:\/\/www.estudiarcocinaygastronomia.com\/wp-content\/uploads\/2020\/03\/IMG_9158-1-scaled-e1585134296247.jpg\" \/>\n\t<meta property=\"og:image:width\" content=\"2560\" \/>\n\t<meta property=\"og:image:height\" content=\"1638\" \/>\n\t<meta property=\"og:image:type\" content=\"image\/jpeg\" \/>\n<meta name=\"author\" content=\"admin\" \/>\n<meta name=\"twitter:card\" content=\"summary_large_image\" \/>\n<meta name=\"twitter:label1\" content=\"Escrito por\" \/>\n\t<meta name=\"twitter:data1\" content=\"admin\" \/>\n\t<meta name=\"twitter:label2\" content=\"Tiempo de lectura\" \/>\n\t<meta name=\"twitter:data2\" content=\"2 minutos\" \/>\n<script type=\"application\/ld+json\" class=\"yoast-schema-graph\">{\"@context\":\"https:\/\/schema.org\",\"@graph\":[{\"@type\":\"Article\",\"@id\":\"https:\/\/www.estudiarcocinaygastronomia.com\/index.php\/2020\/03\/25\/fondo-de-verduras\/#article\",\"isPartOf\":{\"@id\":\"https:\/\/www.estudiarcocinaygastronomia.com\/index.php\/2020\/03\/25\/fondo-de-verduras\/\"},\"author\":{\"name\":\"admin\",\"@id\":\"https:\/\/www.estudiarcocinaygastronomia.com\/#\/schema\/person\/b0e5d61c9acf39b2f12d46eb5bcc9422\"},\"headline\":\"\ud83e\udd55Fondo de verduras\",\"datePublished\":\"2020-03-25T10:59:26+00:00\",\"dateModified\":\"2020-03-25T11:06:25+00:00\",\"mainEntityOfPage\":{\"@id\":\"https:\/\/www.estudiarcocinaygastronomia.com\/index.php\/2020\/03\/25\/fondo-de-verduras\/\"},\"wordCount\":447,\"publisher\":{\"@id\":\"https:\/\/www.estudiarcocinaygastronomia.com\/#organization\"},\"image\":{\"@id\":\"https:\/\/www.estudiarcocinaygastronomia.com\/index.php\/2020\/03\/25\/fondo-de-verduras\/#primaryimage\"},\"thumbnailUrl\":\"https:\/\/www.estudiarcocinaygastronomia.com\/wp-content\/uploads\/2020\/03\/IMG_9158-1-scaled-e1585134296247.jpg\",\"keywords\":[\"apuntes de cocina\",\"caldo vegano\",\"caldo vegetariano\",\"cocina f\u00e1cil\",\"cocina y gastronom\u00eda\",\"curso a distancia\",\"curso a distancia gratis\",\"curso con salida laboral\",\"curso de cocina\",\"curso de cocina gratis\",\"curso gratis\",\"curso y taller\",\"cvpcruz\",\"Esloga\",\"estudiar cocina\",\"estudiar cocina y gastronom\u00eda\",\"fondo de verduras\",\"fondo neutro\",\"Pu\u00e7ol\",\"receta caldo de verduras\",\"repaso de cocina\"],\"articleSection\":[\"Estudiar cocina y gastronom\u00eda\"],\"inLanguage\":\"es\"},{\"@type\":\"WebPage\",\"@id\":\"https:\/\/www.estudiarcocinaygastronomia.com\/index.php\/2020\/03\/25\/fondo-de-verduras\/\",\"url\":\"https:\/\/www.estudiarcocinaygastronomia.com\/index.php\/2020\/03\/25\/fondo-de-verduras\/\",\"name\":\"\ud83e\udd55Fondo de verduras \ud83e\udd54Estudiar cocina y gastronom\u00eda\",\"isPartOf\":{\"@id\":\"https:\/\/www.estudiarcocinaygastronomia.com\/#website\"},\"primaryImageOfPage\":{\"@id\":\"https:\/\/www.estudiarcocinaygastronomia.com\/index.php\/2020\/03\/25\/fondo-de-verduras\/#primaryimage\"},\"image\":{\"@id\":\"https:\/\/www.estudiarcocinaygastronomia.com\/index.php\/2020\/03\/25\/fondo-de-verduras\/#primaryimage\"},\"thumbnailUrl\":\"https:\/\/www.estudiarcocinaygastronomia.com\/wp-content\/uploads\/2020\/03\/IMG_9158-1-scaled-e1585134296247.jpg\",\"datePublished\":\"2020-03-25T10:59:26+00:00\",\"dateModified\":\"2020-03-25T11:06:25+00:00\",\"description\":\"\u2b50\ufe0fRECETA RECOMENDADA , Imprescindible \u2618\ufe0f CALDO O FONDO DE VERDURAS ideal para la preparaci\u00f3n de sopas, arroces, cremas, guisos, pastas, etc.\",\"breadcrumb\":{\"@id\":\"https:\/\/www.estudiarcocinaygastronomia.com\/index.php\/2020\/03\/25\/fondo-de-verduras\/#breadcrumb\"},\"inLanguage\":\"es\",\"potentialAction\":[{\"@type\":\"ReadAction\",\"target\":[\"https:\/\/www.estudiarcocinaygastronomia.com\/index.php\/2020\/03\/25\/fondo-de-verduras\/\"]}]},{\"@type\":\"ImageObject\",\"inLanguage\":\"es\",\"@id\":\"https:\/\/www.estudiarcocinaygastronomia.com\/index.php\/2020\/03\/25\/fondo-de-verduras\/#primaryimage\",\"url\":\"https:\/\/www.estudiarcocinaygastronomia.com\/wp-content\/uploads\/2020\/03\/IMG_9158-1-scaled-e1585134296247.jpg\",\"contentUrl\":\"https:\/\/www.estudiarcocinaygastronomia.com\/wp-content\/uploads\/2020\/03\/IMG_9158-1-scaled-e1585134296247.jpg\",\"width\":2560,\"height\":1638,\"caption\":\"Verdura ecologica\"},{\"@type\":\"BreadcrumbList\",\"@id\":\"https:\/\/www.estudiarcocinaygastronomia.com\/index.php\/2020\/03\/25\/fondo-de-verduras\/#breadcrumb\",\"itemListElement\":[{\"@type\":\"ListItem\",\"position\":1,\"name\":\"Portada\",\"item\":\"https:\/\/www.estudiarcocinaygastronomia.com\/\"},{\"@type\":\"ListItem\",\"position\":2,\"name\":\"\ud83e\udd55Fondo de verduras\"}]},{\"@type\":\"WebSite\",\"@id\":\"https:\/\/www.estudiarcocinaygastronomia.com\/#website\",\"url\":\"https:\/\/www.estudiarcocinaygastronomia.com\/\",\"name\":\"Estudiar cocina y gastronom&iacute;a.\",\"description\":\"Lo mejor de la hosteler&iacute;a y m&aacute;s, a un solo click.\",\"publisher\":{\"@id\":\"https:\/\/www.estudiarcocinaygastronomia.com\/#organization\"},\"potentialAction\":[{\"@type\":\"SearchAction\",\"target\":{\"@type\":\"EntryPoint\",\"urlTemplate\":\"https:\/\/www.estudiarcocinaygastronomia.com\/?s={search_term_string}\"},\"query-input\":{\"@type\":\"PropertyValueSpecification\",\"valueRequired\":true,\"valueName\":\"search_term_string\"}}],\"inLanguage\":\"es\"},{\"@type\":\"Organization\",\"@id\":\"https:\/\/www.estudiarcocinaygastronomia.com\/#organization\",\"name\":\"Estudiar cocina y gastronom&iacute;a.\",\"url\":\"https:\/\/www.estudiarcocinaygastronomia.com\/\",\"logo\":{\"@type\":\"ImageObject\",\"inLanguage\":\"es\",\"@id\":\"https:\/\/www.estudiarcocinaygastronomia.com\/#\/schema\/logo\/image\/\",\"url\":\"https:\/\/www.estudiarcocinaygastronomia.com\/wp-content\/uploads\/2020\/02\/cropped-noname-1.png\",\"contentUrl\":\"https:\/\/www.estudiarcocinaygastronomia.com\/wp-content\/uploads\/2020\/02\/cropped-noname-1.png\",\"width\":323,\"height\":250,\"caption\":\"Estudiar cocina y gastronom&iacute;a.\"},\"image\":{\"@id\":\"https:\/\/www.estudiarcocinaygastronomia.com\/#\/schema\/logo\/image\/\"}},{\"@type\":\"Person\",\"@id\":\"https:\/\/www.estudiarcocinaygastronomia.com\/#\/schema\/person\/b0e5d61c9acf39b2f12d46eb5bcc9422\",\"name\":\"admin\",\"image\":{\"@type\":\"ImageObject\",\"inLanguage\":\"es\",\"@id\":\"https:\/\/www.estudiarcocinaygastronomia.com\/#\/schema\/person\/image\/\",\"url\":\"https:\/\/secure.gravatar.com\/avatar\/9b5c4beb3fa8209e52d722d1e9c0993b?s=96&d=mm&r=g\",\"contentUrl\":\"https:\/\/secure.gravatar.com\/avatar\/9b5c4beb3fa8209e52d722d1e9c0993b?s=96&d=mm&r=g\",\"caption\":\"admin\"}}]}<\/script>\n<!-- \/ Yoast SEO plugin. -->","yoast_head_json":{"title":"\ud83e\udd55Fondo de verduras \ud83e\udd54Estudiar cocina y gastronom\u00eda","description":"\u2b50\ufe0fRECETA RECOMENDADA , Imprescindible \u2618\ufe0f CALDO O FONDO DE VERDURAS ideal para la preparaci\u00f3n de sopas, arroces, cremas, guisos, pastas, etc.","robots":{"index":"index","follow":"follow","max-snippet":"max-snippet:-1","max-image-preview":"max-image-preview:large","max-video-preview":"max-video-preview:-1"},"canonical":"https:\/\/www.estudiarcocinaygastronomia.com\/index.php\/2020\/03\/25\/fondo-de-verduras\/","og_locale":"es_ES","og_type":"article","og_title":"\ud83e\udd55Fondo de verduras \ud83e\udd54Estudiar cocina y gastronom\u00eda","og_description":"\u2b50\ufe0fRECETA RECOMENDADA , Imprescindible \u2618\ufe0f CALDO O FONDO DE VERDURAS ideal para la preparaci\u00f3n de sopas, arroces, cremas, guisos, pastas, etc.","og_url":"https:\/\/www.estudiarcocinaygastronomia.com\/index.php\/2020\/03\/25\/fondo-de-verduras\/","og_site_name":"Estudiar cocina y gastronom&iacute;a.","article_published_time":"2020-03-25T10:59:26+00:00","article_modified_time":"2020-03-25T11:06:25+00:00","og_image":[{"width":2560,"height":1638,"url":"https:\/\/www.estudiarcocinaygastronomia.com\/wp-content\/uploads\/2020\/03\/IMG_9158-1-scaled-e1585134296247.jpg","type":"image\/jpeg"}],"author":"admin","twitter_card":"summary_large_image","twitter_misc":{"Escrito por":"admin","Tiempo de lectura":"2 minutos"},"schema":{"@context":"https:\/\/schema.org","@graph":[{"@type":"Article","@id":"https:\/\/www.estudiarcocinaygastronomia.com\/index.php\/2020\/03\/25\/fondo-de-verduras\/#article","isPartOf":{"@id":"https:\/\/www.estudiarcocinaygastronomia.com\/index.php\/2020\/03\/25\/fondo-de-verduras\/"},"author":{"name":"admin","@id":"https:\/\/www.estudiarcocinaygastronomia.com\/#\/schema\/person\/b0e5d61c9acf39b2f12d46eb5bcc9422"},"headline":"\ud83e\udd55Fondo de verduras","datePublished":"2020-03-25T10:59:26+00:00","dateModified":"2020-03-25T11:06:25+00:00","mainEntityOfPage":{"@id":"https:\/\/www.estudiarcocinaygastronomia.com\/index.php\/2020\/03\/25\/fondo-de-verduras\/"},"wordCount":447,"publisher":{"@id":"https:\/\/www.estudiarcocinaygastronomia.com\/#organization"},"image":{"@id":"https:\/\/www.estudiarcocinaygastronomia.com\/index.php\/2020\/03\/25\/fondo-de-verduras\/#primaryimage"},"thumbnailUrl":"https:\/\/www.estudiarcocinaygastronomia.com\/wp-content\/uploads\/2020\/03\/IMG_9158-1-scaled-e1585134296247.jpg","keywords":["apuntes de cocina","caldo vegano","caldo vegetariano","cocina f\u00e1cil","cocina y gastronom\u00eda","curso a distancia","curso a distancia gratis","curso con salida laboral","curso de cocina","curso de cocina gratis","curso gratis","curso y taller","cvpcruz","Esloga","estudiar cocina","estudiar cocina y gastronom\u00eda","fondo de verduras","fondo neutro","Pu\u00e7ol","receta caldo de verduras","repaso de cocina"],"articleSection":["Estudiar cocina y gastronom\u00eda"],"inLanguage":"es"},{"@type":"WebPage","@id":"https:\/\/www.estudiarcocinaygastronomia.com\/index.php\/2020\/03\/25\/fondo-de-verduras\/","url":"https:\/\/www.estudiarcocinaygastronomia.com\/index.php\/2020\/03\/25\/fondo-de-verduras\/","name":"\ud83e\udd55Fondo de verduras \ud83e\udd54Estudiar cocina y gastronom\u00eda","isPartOf":{"@id":"https:\/\/www.estudiarcocinaygastronomia.com\/#website"},"primaryImageOfPage":{"@id":"https:\/\/www.estudiarcocinaygastronomia.com\/index.php\/2020\/03\/25\/fondo-de-verduras\/#primaryimage"},"image":{"@id":"https:\/\/www.estudiarcocinaygastronomia.com\/index.php\/2020\/03\/25\/fondo-de-verduras\/#primaryimage"},"thumbnailUrl":"https:\/\/www.estudiarcocinaygastronomia.com\/wp-content\/uploads\/2020\/03\/IMG_9158-1-scaled-e1585134296247.jpg","datePublished":"2020-03-25T10:59:26+00:00","dateModified":"2020-03-25T11:06:25+00:00","description":"\u2b50\ufe0fRECETA RECOMENDADA , Imprescindible \u2618\ufe0f CALDO O FONDO DE VERDURAS ideal para la preparaci\u00f3n de sopas, arroces, cremas, guisos, pastas, etc.","breadcrumb":{"@id":"https:\/\/www.estudiarcocinaygastronomia.com\/index.php\/2020\/03\/25\/fondo-de-verduras\/#breadcrumb"},"inLanguage":"es","potentialAction":[{"@type":"ReadAction","target":["https:\/\/www.estudiarcocinaygastronomia.com\/index.php\/2020\/03\/25\/fondo-de-verduras\/"]}]},{"@type":"ImageObject","inLanguage":"es","@id":"https:\/\/www.estudiarcocinaygastronomia.com\/index.php\/2020\/03\/25\/fondo-de-verduras\/#primaryimage","url":"https:\/\/www.estudiarcocinaygastronomia.com\/wp-content\/uploads\/2020\/03\/IMG_9158-1-scaled-e1585134296247.jpg","contentUrl":"https:\/\/www.estudiarcocinaygastronomia.com\/wp-content\/uploads\/2020\/03\/IMG_9158-1-scaled-e1585134296247.jpg","width":2560,"height":1638,"caption":"Verdura ecologica"},{"@type":"BreadcrumbList","@id":"https:\/\/www.estudiarcocinaygastronomia.com\/index.php\/2020\/03\/25\/fondo-de-verduras\/#breadcrumb","itemListElement":[{"@type":"ListItem","position":1,"name":"Portada","item":"https:\/\/www.estudiarcocinaygastronomia.com\/"},{"@type":"ListItem","position":2,"name":"\ud83e\udd55Fondo de verduras"}]},{"@type":"WebSite","@id":"https:\/\/www.estudiarcocinaygastronomia.com\/#website","url":"https:\/\/www.estudiarcocinaygastronomia.com\/","name":"Estudiar cocina y gastronom&iacute;a.","description":"Lo mejor de la hosteler&iacute;a y m&aacute;s, a un solo click.","publisher":{"@id":"https:\/\/www.estudiarcocinaygastronomia.com\/#organization"},"potentialAction":[{"@type":"SearchAction","target":{"@type":"EntryPoint","urlTemplate":"https:\/\/www.estudiarcocinaygastronomia.com\/?s={search_term_string}"},"query-input":{"@type":"PropertyValueSpecification","valueRequired":true,"valueName":"search_term_string"}}],"inLanguage":"es"},{"@type":"Organization","@id":"https:\/\/www.estudiarcocinaygastronomia.com\/#organization","name":"Estudiar cocina y gastronom&iacute;a.","url":"https:\/\/www.estudiarcocinaygastronomia.com\/","logo":{"@type":"ImageObject","inLanguage":"es","@id":"https:\/\/www.estudiarcocinaygastronomia.com\/#\/schema\/logo\/image\/","url":"https:\/\/www.estudiarcocinaygastronomia.com\/wp-content\/uploads\/2020\/02\/cropped-noname-1.png","contentUrl":"https:\/\/www.estudiarcocinaygastronomia.com\/wp-content\/uploads\/2020\/02\/cropped-noname-1.png","width":323,"height":250,"caption":"Estudiar cocina y gastronom&iacute;a."},"image":{"@id":"https:\/\/www.estudiarcocinaygastronomia.com\/#\/schema\/logo\/image\/"}},{"@type":"Person","@id":"https:\/\/www.estudiarcocinaygastronomia.com\/#\/schema\/person\/b0e5d61c9acf39b2f12d46eb5bcc9422","name":"admin","image":{"@type":"ImageObject","inLanguage":"es","@id":"https:\/\/www.estudiarcocinaygastronomia.com\/#\/schema\/person\/image\/","url":"https:\/\/secure.gravatar.com\/avatar\/9b5c4beb3fa8209e52d722d1e9c0993b?s=96&d=mm&r=g","contentUrl":"https:\/\/secure.gravatar.com\/avatar\/9b5c4beb3fa8209e52d722d1e9c0993b?s=96&d=mm&r=g","caption":"admin"}}]}},"_links":{"self":[{"href":"https:\/\/www.estudiarcocinaygastronomia.com\/index.php\/wp-json\/wp\/v2\/posts\/979","targetHints":{"allow":["GET"]}}],"collection":[{"href":"https:\/\/www.estudiarcocinaygastronomia.com\/index.php\/wp-json\/wp\/v2\/posts"}],"about":[{"href":"https:\/\/www.estudiarcocinaygastronomia.com\/index.php\/wp-json\/wp\/v2\/types\/post"}],"author":[{"embeddable":true,"href":"https:\/\/www.estudiarcocinaygastronomia.com\/index.php\/wp-json\/wp\/v2\/users\/1"}],"replies":[{"embeddable":true,"href":"https:\/\/www.estudiarcocinaygastronomia.com\/index.php\/wp-json\/wp\/v2\/comments?post=979"}],"version-history":[{"count":3,"href":"https:\/\/www.estudiarcocinaygastronomia.com\/index.php\/wp-json\/wp\/v2\/posts\/979\/revisions"}],"predecessor-version":[{"id":983,"href":"https:\/\/www.estudiarcocinaygastronomia.com\/index.php\/wp-json\/wp\/v2\/posts\/979\/revisions\/983"}],"wp:featuredmedia":[{"embeddable":true,"href":"https:\/\/www.estudiarcocinaygastronomia.com\/index.php\/wp-json\/wp\/v2\/media\/609"}],"wp:attachment":[{"href":"https:\/\/www.estudiarcocinaygastronomia.com\/index.php\/wp-json\/wp\/v2\/media?parent=979"}],"wp:term":[{"taxonomy":"category","embeddable":true,"href":"https:\/\/www.estudiarcocinaygastronomia.com\/index.php\/wp-json\/wp\/v2\/categories?post=979"},{"taxonomy":"post_tag","embeddable":true,"href":"https:\/\/www.estudiarcocinaygastronomia.com\/index.php\/wp-json\/wp\/v2\/tags?post=979"}],"curies":[{"name":"wp","href":"https:\/\/api.w.org\/{rel}","templated":true}]}}